{"id":702,"date":"2022-11-23T19:49:00","date_gmt":"2022-11-23T19:49:00","guid":{"rendered":"https:\/\/4strats.com.br\/?p=702"},"modified":"2023-12-13T19:59:59","modified_gmt":"2023-12-13T19:59:59","slug":"impulsione-a-black-friday-com-a-computacao-em-nuvem","status":"publish","type":"post","link":"https:\/\/4strats.com.br\/new\/cloud-computing\/impulsione-a-black-friday-com-a-computacao-em-nuvem\/","title":{"rendered":"Como a computa\u00e7\u00e3o em nuvem pode impulsionar suas vendas na Black Friday"},"content":{"rendered":"\n<p>A sexta-feira mais quente do<a href=\"https:\/\/www.4strats.com.br\/index.php\/component\/content\/article\/45-uncategorised\/blog\/85-nuvem-no-varejo?Itemid=103\">\u00a0varejo<\/a>\u00a0est\u00e1 chegando e, com a implementa\u00e7\u00e3o da internet 5G no\u00a0Brasil, este ano a\u00a0tecnologia\u00a0deve ser protagonista nas vendas da Black Friday. Mesmo diante da demora na implanta\u00e7\u00e3o da quinta gera\u00e7\u00e3o nas capitais brasileiras, hoje j\u00e1 podemos dizer que diversas das principais cidades no pa\u00eds j\u00e1 contam com essa\u00a0<a href=\"https:\/\/4strats.com.br\/servicos\/\">tecnologia<\/a>\u00a0dispon\u00edvel.<\/p>\n\n\n\n<p>As vendas de smartphones que captam o sinal da nova banda larga tamb\u00e9m t\u00eam mostrado forte crescimento, segundo estudos da consultoria de intelig\u00eancia e mercado GFK. Os dados indicam que a venda dos aparelhos passou de 6,7% para 17,5% do volume total de celulares no primeiro semestre. Para o consumidor, a boa not\u00edcia \u00e9 que os pre\u00e7os diminu\u00edram, em m\u00e9dia, 30,9% no mesmo per\u00edodo. E essa tend\u00eancia acelerou ao longo do segundo semestre, estimulada pela maior disponibilidade de&nbsp;ofertas&nbsp;no mercado e pela natural curiosidade e interesse dos usu\u00e1rios.<\/p>\n\n\n\n<p>Dados divulgados pela consultoria Opensignal agora no final de outubro, em que se comparam diferentes pa\u00edses em rela\u00e7\u00e3o \u00e0 velocidade e disponibilidade do 5G, apontam que o Brasil atualmente s\u00f3 tem velocidades inferiores \u00e0s da&nbsp;Coreia do Sul&nbsp;nos munic\u00edpios com disponibilidade do 5G \u201cpuro\u201d, com&nbsp;velocidades de download do 5G em cidades como Bras\u00edlia sendo superiores a 370 Mb por segundo.<\/p>\n\n\n\n<p>Em um cen\u00e1rio de 4,7 bilh\u00f5es de usu\u00e1rios de internet no mundo, o que representa 60% da popula\u00e7\u00e3o mundial, este ano o&nbsp;5G&nbsp;vai dar ainda mais velocidade para os consumidores que buscarem os descontos da Black Friday na palma da m\u00e3o. Um levantamento da NZN Intelligence revela que, mesmo depois da reabertura do com\u00e9rcio f\u00edsico, 64% da popula\u00e7\u00e3o brasileira ainda prefere comprar alguns produtos e servi\u00e7os pela internet.<\/p>\n\n\n\n<p>Ao longo dos 2 anos mais intensos da pandemia de COVID-19, as compras evolu\u00edram muito no formato do e-commerce, estimuladas pela necessidade das empresas e pela migra\u00e7\u00e3o dos formatos para o mobile commerce e aplicativos. De acordo com o relat\u00f3rio Webshoppers 46, elaborado pela NielsenIQ | Ebit em parceria com a Bexs Pay, atualmente constam 49,8 milh\u00f5es de compradores online no Brasil, o que representa alta de 18% na compara\u00e7\u00e3o do primeiro semestre com o mesmo per\u00edodo do ano anterior, quando o n\u00famero era de 42 milh\u00f5es.<\/p>\n\n\n\n<p>O ano de 2022 segue marcado por grandes desafios devido aos cen\u00e1rios pol\u00edtico e econ\u00f4mico turbulentos. Mesmo nesse contexto, a pandemia impulsionou o crescimento do modelo de e-commerce no Brasil, o que podemos observar pelo amadurecimento na forma de realizar compras online, com clientes explorando cada vez mais novas categorias. Os shoppers buscam praticidade e promo\u00e7\u00f5es especiais no online, abrindo as portas para que as lojas explorem as novas possibilidades de fidelizar os consumidores e evoluam nos neg\u00f3cios.<\/p>\n\n\n\n<p>Outra caracter\u00edstica decisiva para o fluxo de vendas na Black Friday ser\u00e3o os novos formatos digitais dispon\u00edveis para compra. A mesma pesquisa aponta que os clientes realizam suas compras principalmente em sites de busca, redes sociais, atrav\u00e9s de aplicativos e digitando o nome da loja. O consumo tamb\u00e9m vem crescendo por meio de formatos como o live commerce e o social commerce \u2013 tudo com potencial de ser impulsionado pela agilidade do 5G.<\/p>\n\n\n\n<p>O&nbsp;com\u00e9rcio&nbsp;eletr\u00f4nico brasileiro atingiu a marca de R$ 118,6 bilh\u00f5es em vendas no primeiro semestre do ano. O valor corresponde a uma alta de 6% em compara\u00e7\u00e3o com o mesmo per\u00edodo de 2021. Levando em conta as importantes datas sazonais do segundo semestre, a expectativa \u00e9 que esse n\u00famero seja ainda melhor, mesmo com o recente e elevado aumento do fluxo de consumidores nas lojas, motivados pela retomada do presencial ap\u00f3s duros meses de restri\u00e7\u00f5es e confinamentos. Assim sendo, em nossa primeira Black Friday da \u201cera 5G\u201d, n\u00e3o podemos negligenciar a import\u00e2ncia da conectividade aumentada e das novas tecnologias no aumento das vendas, da convers\u00e3o e da satisfa\u00e7\u00e3o dos consumidores \u2013 rumo \u00e0 acelera\u00e7\u00e3o das as novas demandas de uma sociedade futura 5.0.<\/p>\n\n\n\n<p>Artigo originalmente publicado por&nbsp;<a href=\"https:\/\/olhardigital.com.br\/2022\/11\/15\/colunistas\/black-friday-tecnologia-com-5g-deve-ser-protagonista-da-data\/\">OlharDigital<\/a><\/p>\n\n\n\n<p><strong><a href=\"https:\/\/4strats.com.br\/\">4Strategies &#8211; Alta Performance para estrat\u00e9gias corporativas<\/a><\/strong><\/p>\n","protected":false},"excerpt":{"rendered":"<p>A sexta-feira mais quente do\u00a0varejo\u00a0est\u00e1 chegando e, com a implementa\u00e7\u00e3o da internet 5G no\u00a0Brasil, este ano a\u00a0tecnologia\u00a0deve ser protagonista nas vendas da Black Friday. Mesmo diante da demora na implanta\u00e7\u00e3o da quinta gera\u00e7\u00e3o nas capitais brasileiras, hoje j\u00e1 podemos dizer que diversas das principais cidades no pa\u00eds j\u00e1 contam com essa\u00a0tecnologia\u00a0dispon\u00edvel. As vendas de smartphones [&hellip;]<\/p>\n","protected":false},"author":3,"featured_media":703,"comment_status":"open","ping_status":"open","sticky":false,"template":"","format":"standard","meta":{"footnotes":""},"categories":[12],"tags":[],"class_list":["post-702","post","type-post","status-publish","format-standard","has-post-thumbnail","hentry","category-cloud-computing"],"yoast_head":"<!-- This site is optimized with the Yoast SEO plugin v26.9 - https:\/\/yoast.com\/product\/yoast-seo-wordpress\/ -->\n<title>Como a computa\u00e7\u00e3o em nuvem pode impulsionar suas vendas na Black Friday - 4strats<\/title>\n<meta name=\"description\" content=\"Computa\u00e7\u00e3o em nuvem e Black Friday: qual a liga\u00e7\u00e3o entre esses dois setores? Entenda aqui!\" \/>\n<meta name=\"robots\" content=\"index, follow, max-snippet:-1, max-image-preview:large, max-video-preview:-1\" \/>\n<link rel=\"canonical\" href=\"https:\/\/4strats.com.br\/new\/cloud-computing\/impulsione-a-black-friday-com-a-computacao-em-nuvem\/\" \/>\n<meta property=\"og:locale\" content=\"pt_BR\" \/>\n<meta property=\"og:type\" content=\"article\" \/>\n<meta property=\"og:title\" content=\"Como a computa\u00e7\u00e3o em nuvem pode impulsionar suas vendas na Black Friday - 4strats\" \/>\n<meta property=\"og:description\" content=\"Computa\u00e7\u00e3o em nuvem e Black Friday: qual a liga\u00e7\u00e3o entre esses dois setores? Entenda aqui!\" \/>\n<meta property=\"og:url\" content=\"https:\/\/4strats.com.br\/new\/cloud-computing\/impulsione-a-black-friday-com-a-computacao-em-nuvem\/\" \/>\n<meta property=\"og:site_name\" content=\"4strats\" \/>\n<meta property=\"article:publisher\" content=\"https:\/\/www.facebook.com\/4strategies\" \/>\n<meta property=\"article:published_time\" content=\"2022-11-23T19:49:00+00:00\" \/>\n<meta property=\"article:modified_time\" content=\"2023-12-13T19:59:59+00:00\" \/>\n<meta property=\"og:image\" content=\"https:\/\/4strats.com.br\/new\/wp-content\/uploads\/2023\/12\/blackfridayyy.jpg\" \/>\n\t<meta property=\"og:image:width\" content=\"976\" \/>\n\t<meta property=\"og:image:height\" content=\"550\" \/>\n\t<meta property=\"og:image:type\" content=\"image\/jpeg\" \/>\n<meta name=\"twitter:card\" content=\"summary_large_image\" \/>\n<meta name=\"twitter:creator\" content=\"@4strategies_\" \/>\n<meta name=\"twitter:site\" content=\"@4strategies_\" \/>\n<meta name=\"twitter:label1\" content=\"Escrito por\" \/>\n\t<meta name=\"twitter:data1\" content=\"\" \/>\n\t<meta name=\"twitter:label2\" content=\"Est. tempo de leitura\" \/>\n\t<meta name=\"twitter:data2\" content=\"3 minutos\" \/>\n<script type=\"application\/ld+json\" class=\"yoast-schema-graph\">{\"@context\":\"https:\/\/schema.org\",\"@graph\":[{\"@type\":\"Article\",\"@id\":\"https:\/\/4strats.com.br\/new\/cloud-computing\/impulsione-a-black-friday-com-a-computacao-em-nuvem\/#article\",\"isPartOf\":{\"@id\":\"https:\/\/4strats.com.br\/new\/cloud-computing\/impulsione-a-black-friday-com-a-computacao-em-nuvem\/\"},\"author\":{\"name\":\"\",\"@id\":\"\"},\"headline\":\"Como a computa\u00e7\u00e3o em nuvem pode impulsionar suas vendas na Black Friday\",\"datePublished\":\"2022-11-23T19:49:00+00:00\",\"dateModified\":\"2023-12-13T19:59:59+00:00\",\"mainEntityOfPage\":{\"@id\":\"https:\/\/4strats.com.br\/new\/cloud-computing\/impulsione-a-black-friday-com-a-computacao-em-nuvem\/\"},\"wordCount\":711,\"commentCount\":0,\"publisher\":{\"@id\":\"https:\/\/4strats.com.br\/new\/#organization\"},\"image\":{\"@id\":\"https:\/\/4strats.com.br\/new\/cloud-computing\/impulsione-a-black-friday-com-a-computacao-em-nuvem\/#primaryimage\"},\"thumbnailUrl\":\"https:\/\/4strats.com.br\/new\/wp-content\/uploads\/2023\/12\/blackfridayyy.jpg\",\"articleSection\":[\"Cloud Computing\"],\"inLanguage\":\"pt-BR\",\"potentialAction\":[{\"@type\":\"CommentAction\",\"name\":\"Comment\",\"target\":[\"https:\/\/4strats.com.br\/new\/cloud-computing\/impulsione-a-black-friday-com-a-computacao-em-nuvem\/#respond\"]}]},{\"@type\":[\"WebPage\",\"SearchResultsPage\"],\"@id\":\"https:\/\/4strats.com.br\/new\/cloud-computing\/impulsione-a-black-friday-com-a-computacao-em-nuvem\/\",\"url\":\"https:\/\/4strats.com.br\/new\/cloud-computing\/impulsione-a-black-friday-com-a-computacao-em-nuvem\/\",\"name\":\"Como a computa\u00e7\u00e3o em nuvem pode impulsionar suas vendas na Black Friday - 4strats\",\"isPartOf\":{\"@id\":\"https:\/\/4strats.com.br\/new\/#website\"},\"primaryImageOfPage\":{\"@id\":\"https:\/\/4strats.com.br\/new\/cloud-computing\/impulsione-a-black-friday-com-a-computacao-em-nuvem\/#primaryimage\"},\"image\":{\"@id\":\"https:\/\/4strats.com.br\/new\/cloud-computing\/impulsione-a-black-friday-com-a-computacao-em-nuvem\/#primaryimage\"},\"thumbnailUrl\":\"https:\/\/4strats.com.br\/new\/wp-content\/uploads\/2023\/12\/blackfridayyy.jpg\",\"datePublished\":\"2022-11-23T19:49:00+00:00\",\"dateModified\":\"2023-12-13T19:59:59+00:00\",\"description\":\"Computa\u00e7\u00e3o em nuvem e Black Friday: qual a liga\u00e7\u00e3o entre esses dois setores? Entenda aqui!\",\"breadcrumb\":{\"@id\":\"https:\/\/4strats.com.br\/new\/cloud-computing\/impulsione-a-black-friday-com-a-computacao-em-nuvem\/#breadcrumb\"},\"inLanguage\":\"pt-BR\",\"potentialAction\":[{\"@type\":\"ReadAction\",\"target\":[\"https:\/\/4strats.com.br\/new\/cloud-computing\/impulsione-a-black-friday-com-a-computacao-em-nuvem\/\"]}]},{\"@type\":\"ImageObject\",\"inLanguage\":\"pt-BR\",\"@id\":\"https:\/\/4strats.com.br\/new\/cloud-computing\/impulsione-a-black-friday-com-a-computacao-em-nuvem\/#primaryimage\",\"url\":\"https:\/\/4strats.com.br\/new\/wp-content\/uploads\/2023\/12\/blackfridayyy.jpg\",\"contentUrl\":\"https:\/\/4strats.com.br\/new\/wp-content\/uploads\/2023\/12\/blackfridayyy.jpg\",\"width\":976,\"height\":550},{\"@type\":\"BreadcrumbList\",\"@id\":\"https:\/\/4strats.com.br\/new\/cloud-computing\/impulsione-a-black-friday-com-a-computacao-em-nuvem\/#breadcrumb\",\"itemListElement\":[{\"@type\":\"ListItem\",\"position\":1,\"name\":\"In\u00edcio\",\"item\":\"https:\/\/4strats.com.br\/new\/\"},{\"@type\":\"ListItem\",\"position\":2,\"name\":\"Como a computa\u00e7\u00e3o em nuvem pode impulsionar suas vendas na Black Friday\"}]},{\"@type\":\"WebSite\",\"@id\":\"https:\/\/4strats.com.br\/new\/#website\",\"url\":\"https:\/\/4strats.com.br\/new\/\",\"name\":\"4strats\",\"description\":\"Alta performance para estrat\u00e9gias corporativas\",\"publisher\":{\"@id\":\"https:\/\/4strats.com.br\/new\/#organization\"},\"potentialAction\":[{\"@type\":\"SearchAction\",\"target\":{\"@type\":\"EntryPoint\",\"urlTemplate\":\"https:\/\/4strats.com.br\/new\/?s={search_term_string}\"},\"query-input\":{\"@type\":\"PropertyValueSpecification\",\"valueRequired\":true,\"valueName\":\"search_term_string\"}}],\"inLanguage\":\"pt-BR\"},{\"@type\":\"Organization\",\"@id\":\"https:\/\/4strats.com.br\/new\/#organization\",\"name\":\"4Strategies\",\"alternateName\":\"4Strats\",\"url\":\"https:\/\/4strats.com.br\/new\/\",\"logo\":{\"@type\":\"ImageObject\",\"inLanguage\":\"pt-BR\",\"@id\":\"https:\/\/4strats.com.br\/new\/#\/schema\/logo\/image\/\",\"url\":\"https:\/\/4strats.com.br\/new\/wp-content\/uploads\/2023\/09\/logo_site_4STRATEGIES.png\",\"contentUrl\":\"https:\/\/4strats.com.br\/new\/wp-content\/uploads\/2023\/09\/logo_site_4STRATEGIES.png\",\"width\":371,\"height\":70,\"caption\":\"4Strategies\"},\"image\":{\"@id\":\"https:\/\/4strats.com.br\/new\/#\/schema\/logo\/image\/\"},\"sameAs\":[\"https:\/\/www.facebook.com\/4strategies\",\"https:\/\/x.com\/4strategies_\",\"https:\/\/www.linkedin.com\/company\/4strategiestecnology\/\"]},{\"@type\":\"Person\",\"@id\":\"\",\"url\":\"https:\/\/4strats.com.br\/new\/author\/\"}]}<\/script>\n<!-- \/ Yoast SEO plugin. -->","yoast_head_json":{"title":"Como a computa\u00e7\u00e3o em nuvem pode impulsionar suas vendas na Black Friday - 4strats","description":"Computa\u00e7\u00e3o em nuvem e Black Friday: qual a liga\u00e7\u00e3o entre esses dois setores? Entenda aqui!","robots":{"index":"index","follow":"follow","max-snippet":"max-snippet:-1","max-image-preview":"max-image-preview:large","max-video-preview":"max-video-preview:-1"},"canonical":"https:\/\/4strats.com.br\/new\/cloud-computing\/impulsione-a-black-friday-com-a-computacao-em-nuvem\/","og_locale":"pt_BR","og_type":"article","og_title":"Como a computa\u00e7\u00e3o em nuvem pode impulsionar suas vendas na Black Friday - 4strats","og_description":"Computa\u00e7\u00e3o em nuvem e Black Friday: qual a liga\u00e7\u00e3o entre esses dois setores? Entenda aqui!","og_url":"https:\/\/4strats.com.br\/new\/cloud-computing\/impulsione-a-black-friday-com-a-computacao-em-nuvem\/","og_site_name":"4strats","article_publisher":"https:\/\/www.facebook.com\/4strategies","article_published_time":"2022-11-23T19:49:00+00:00","article_modified_time":"2023-12-13T19:59:59+00:00","og_image":[{"width":976,"height":550,"url":"https:\/\/4strats.com.br\/new\/wp-content\/uploads\/2023\/12\/blackfridayyy.jpg","type":"image\/jpeg"}],"twitter_card":"summary_large_image","twitter_creator":"@4strategies_","twitter_site":"@4strategies_","twitter_misc":{"Escrito por":"","Est. tempo de leitura":"3 minutos"},"schema":{"@context":"https:\/\/schema.org","@graph":[{"@type":"Article","@id":"https:\/\/4strats.com.br\/new\/cloud-computing\/impulsione-a-black-friday-com-a-computacao-em-nuvem\/#article","isPartOf":{"@id":"https:\/\/4strats.com.br\/new\/cloud-computing\/impulsione-a-black-friday-com-a-computacao-em-nuvem\/"},"author":{"name":"","@id":""},"headline":"Como a computa\u00e7\u00e3o em nuvem pode impulsionar suas vendas na Black Friday","datePublished":"2022-11-23T19:49:00+00:00","dateModified":"2023-12-13T19:59:59+00:00","mainEntityOfPage":{"@id":"https:\/\/4strats.com.br\/new\/cloud-computing\/impulsione-a-black-friday-com-a-computacao-em-nuvem\/"},"wordCount":711,"commentCount":0,"publisher":{"@id":"https:\/\/4strats.com.br\/new\/#organization"},"image":{"@id":"https:\/\/4strats.com.br\/new\/cloud-computing\/impulsione-a-black-friday-com-a-computacao-em-nuvem\/#primaryimage"},"thumbnailUrl":"https:\/\/4strats.com.br\/new\/wp-content\/uploads\/2023\/12\/blackfridayyy.jpg","articleSection":["Cloud Computing"],"inLanguage":"pt-BR","potentialAction":[{"@type":"CommentAction","name":"Comment","target":["https:\/\/4strats.com.br\/new\/cloud-computing\/impulsione-a-black-friday-com-a-computacao-em-nuvem\/#respond"]}]},{"@type":["WebPage","SearchResultsPage"],"@id":"https:\/\/4strats.com.br\/new\/cloud-computing\/impulsione-a-black-friday-com-a-computacao-em-nuvem\/","url":"https:\/\/4strats.com.br\/new\/cloud-computing\/impulsione-a-black-friday-com-a-computacao-em-nuvem\/","name":"Como a computa\u00e7\u00e3o em nuvem pode impulsionar suas vendas na Black Friday - 4strats","isPartOf":{"@id":"https:\/\/4strats.com.br\/new\/#website"},"primaryImageOfPage":{"@id":"https:\/\/4strats.com.br\/new\/cloud-computing\/impulsione-a-black-friday-com-a-computacao-em-nuvem\/#primaryimage"},"image":{"@id":"https:\/\/4strats.com.br\/new\/cloud-computing\/impulsione-a-black-friday-com-a-computacao-em-nuvem\/#primaryimage"},"thumbnailUrl":"https:\/\/4strats.com.br\/new\/wp-content\/uploads\/2023\/12\/blackfridayyy.jpg","datePublished":"2022-11-23T19:49:00+00:00","dateModified":"2023-12-13T19:59:59+00:00","description":"Computa\u00e7\u00e3o em nuvem e Black Friday: qual a liga\u00e7\u00e3o entre esses dois setores? Entenda aqui!","breadcrumb":{"@id":"https:\/\/4strats.com.br\/new\/cloud-computing\/impulsione-a-black-friday-com-a-computacao-em-nuvem\/#breadcrumb"},"inLanguage":"pt-BR","potentialAction":[{"@type":"ReadAction","target":["https:\/\/4strats.com.br\/new\/cloud-computing\/impulsione-a-black-friday-com-a-computacao-em-nuvem\/"]}]},{"@type":"ImageObject","inLanguage":"pt-BR","@id":"https:\/\/4strats.com.br\/new\/cloud-computing\/impulsione-a-black-friday-com-a-computacao-em-nuvem\/#primaryimage","url":"https:\/\/4strats.com.br\/new\/wp-content\/uploads\/2023\/12\/blackfridayyy.jpg","contentUrl":"https:\/\/4strats.com.br\/new\/wp-content\/uploads\/2023\/12\/blackfridayyy.jpg","width":976,"height":550},{"@type":"BreadcrumbList","@id":"https:\/\/4strats.com.br\/new\/cloud-computing\/impulsione-a-black-friday-com-a-computacao-em-nuvem\/#breadcrumb","itemListElement":[{"@type":"ListItem","position":1,"name":"In\u00edcio","item":"https:\/\/4strats.com.br\/new\/"},{"@type":"ListItem","position":2,"name":"Como a computa\u00e7\u00e3o em nuvem pode impulsionar suas vendas na Black Friday"}]},{"@type":"WebSite","@id":"https:\/\/4strats.com.br\/new\/#website","url":"https:\/\/4strats.com.br\/new\/","name":"4strats","description":"Alta performance para estrat\u00e9gias corporativas","publisher":{"@id":"https:\/\/4strats.com.br\/new\/#organization"},"potentialAction":[{"@type":"SearchAction","target":{"@type":"EntryPoint","urlTemplate":"https:\/\/4strats.com.br\/new\/?s={search_term_string}"},"query-input":{"@type":"PropertyValueSpecification","valueRequired":true,"valueName":"search_term_string"}}],"inLanguage":"pt-BR"},{"@type":"Organization","@id":"https:\/\/4strats.com.br\/new\/#organization","name":"4Strategies","alternateName":"4Strats","url":"https:\/\/4strats.com.br\/new\/","logo":{"@type":"ImageObject","inLanguage":"pt-BR","@id":"https:\/\/4strats.com.br\/new\/#\/schema\/logo\/image\/","url":"https:\/\/4strats.com.br\/new\/wp-content\/uploads\/2023\/09\/logo_site_4STRATEGIES.png","contentUrl":"https:\/\/4strats.com.br\/new\/wp-content\/uploads\/2023\/09\/logo_site_4STRATEGIES.png","width":371,"height":70,"caption":"4Strategies"},"image":{"@id":"https:\/\/4strats.com.br\/new\/#\/schema\/logo\/image\/"},"sameAs":["https:\/\/www.facebook.com\/4strategies","https:\/\/x.com\/4strategies_","https:\/\/www.linkedin.com\/company\/4strategiestecnology\/"]},{"@type":"Person","@id":"","url":"https:\/\/4strats.com.br\/new\/author\/"}]}},"_links":{"self":[{"href":"https:\/\/4strats.com.br\/new\/wp-json\/wp\/v2\/posts\/702","targetHints":{"allow":["GET"]}}],"collection":[{"href":"https:\/\/4strats.com.br\/new\/wp-json\/wp\/v2\/posts"}],"about":[{"href":"https:\/\/4strats.com.br\/new\/wp-json\/wp\/v2\/types\/post"}],"author":[{"embeddable":true,"href":"https:\/\/4strats.com.br\/new\/wp-json\/wp\/v2\/users\/3"}],"replies":[{"embeddable":true,"href":"https:\/\/4strats.com.br\/new\/wp-json\/wp\/v2\/comments?post=702"}],"version-history":[{"count":1,"href":"https:\/\/4strats.com.br\/new\/wp-json\/wp\/v2\/posts\/702\/revisions"}],"predecessor-version":[{"id":704,"href":"https:\/\/4strats.com.br\/new\/wp-json\/wp\/v2\/posts\/702\/revisions\/704"}],"wp:featuredmedia":[{"embeddable":true,"href":"https:\/\/4strats.com.br\/new\/wp-json\/wp\/v2\/media\/703"}],"wp:attachment":[{"href":"https:\/\/4strats.com.br\/new\/wp-json\/wp\/v2\/media?parent=702"}],"wp:term":[{"taxonomy":"category","embeddable":true,"href":"https:\/\/4strats.com.br\/new\/wp-json\/wp\/v2\/categories?post=702"},{"taxonomy":"post_tag","embeddable":true,"href":"https:\/\/4strats.com.br\/new\/wp-json\/wp\/v2\/tags?post=702"}],"curies":[{"name":"wp","href":"https:\/\/api.w.org\/{rel}","templated":true}]}}